{"id":577,"__str__":"INDICA\u00c7\u00c3O n\u00ba 2 de 2019","link_detail_backend":"/materia/577","metadata":{},"numero":2,"ano":2019,"numero_protocolo":null,"data_apresentacao":"2019-02-18","tipo_apresentacao":"E","data_publicacao":null,"numero_origem_externa":"","ano_origem_externa":null,"data_origem_externa":null,"apelido":"","dias_prazo":null,"data_fim_prazo":null,"em_tramitacao":false,"polemica":null,"objeto":"","complementar":null,"ementa":"SOLICITA AO EXECUTIVO AUMENTAR A ILUMINA\u00c7\u00c3O DA ENTRADA DA CIDADE E NA RUA S\u00c3O PAULO, E TAMB\u00c9M ENTRAR EM CONTATO COM A TRI\u00c2NGULO DO SOL PARA ILUMINAR A PASSARELA.","indexacao":"SOLICITA AO EXECUTIVO AUMENTAR A ILUMINA\u00c7\u00c3O DA ENTRADA DA CIDADE E NA RUA S\u00c3O PAULO, E TAMB\u00c9M ENTRAR EM CONTATO COM A TRI\u00c2NGULO DO SOL PARA ILUMINAR A PASSARELA.","observacao":"","resultado":"","texto_original":"http://sapl.taquaral.sp.leg.br/media/sapl/public/materialegislativa/2019/577/l_02_2019.pdf","data_ultima_atualizacao":"2019-07-18T13:09:58.203493-03:00","ip":"45.235.187.134","ultima_edicao":null,"tipo":8,"regime_tramitacao":1,"tipo_origem_externa":null,"local_origem_externa":null,"user":36,"anexadas":[],"autores":[37]}