{"id":645,"__str__":"REQUERIMENTOS n\u00ba 24 de 2018","link_detail_backend":"/materia/645","metadata":{},"numero":24,"ano":2018,"numero_protocolo":null,"data_apresentacao":"2018-11-08","tipo_apresentacao":"O","data_publicacao":null,"numero_origem_externa":"","ano_origem_externa":null,"data_origem_externa":null,"apelido":"","dias_prazo":null,"data_fim_prazo":null,"em_tramitacao":false,"polemica":false,"objeto":"","complementar":false,"ementa":"REQUER AO EXECUTIVO INFORMA\u00c7\u00d5ES:  SE O PREFEITO TEM A POSSIBILIDADE DE FAZER UMA REUNI\u00c3O COM OS CHEFES DA CUTRALE EM ARARAQUARA, RESPONSAVEL PELA FAZENDA CAPIM VERDE; SE CASO ESTA REUNI\u00c3O J\u00c1 TENHA SIDO FEITA, EXISTE ALGUM DOCUMENTO COMPROVANDO ISSO?; SE FOR O CASO PODEMOS FAZER UMA CARAVANA, PODE O PREFEITO E TODOS OS VEREADORES POSSAM IR.","indexacao":"REQUER AO EXECUTIVO INFORMA\u00c7\u00d5ES:  SE O PREFEITO TEM A POSSIBILIDADE DE FAZER UMA REUNI\u00c3O COM OS CHEFES DA CUTRALE EM ARARAQUARA, RESPONSAVEL PELA FAZENDA CAPIM VERDE; SE CASO ESTA REUNI\u00c3O J\u00c1 TENHA SIDO FEITA, EXISTE ALGUM DOCUMENTO COMPROVANDO ISSO?; SE FOR O CASO PODEMOS FAZER UMA CARAVANA, PODE O PREFEITO E TODOS OS VEREADORES POSSAM IR.","observacao":"","resultado":"","texto_original":null,"data_ultima_atualizacao":"2020-10-15T07:33:41.515149-03:00","ip":"131.108.216.8","ultima_edicao":"2020-10-15T07:29:39.497430-03:00","tipo":3,"regime_tramitacao":1,"tipo_origem_externa":null,"local_origem_externa":null,"user":36,"anexadas":[],"autores":[50]}